{"id":568,"date":"2014-02-14T13:46:53","date_gmt":"2014-02-14T12:46:53","guid":{"rendered":"http:\/\/sandrinedelage.com\/?p=568"},"modified":"2023-10-03T20:42:12","modified_gmt":"2023-10-03T19:42:12","slug":"coeur-de-sel-recompensee-par-la-fiap","status":"publish","type":"post","link":"https:\/\/sandrinedelage.com\/?p=568","title":{"rendered":"Coeur de sel, r\u00e9compens\u00e9e par la FIAP"},"content":{"rendered":"<p>Si vous passez au <span style=\"color: #800000;\"><a href=\"http:\/\/www.spr-photo.fr\/index.html\" target=\"blank\" rel=\"noopener\"><span style=\"color: #800000;\">Salon Photo de Riedisheim <\/span><\/a><\/span>entre le 8 et le 16 mars 2014, vous pourrez voir Coeur de Sel, s\u00e9lectionn\u00e9e dans la cat\u00e9gorie \u00ab\u00a0Voyages &#8211; images projet\u00e9es\u00a0\u00bb et ornement\u00e9e d&rsquo;un ruban par la F\u00e9d\u00e9ration Internationale de l&rsquo;Art Photographique.<\/p>\n<p>&nbsp;<\/p>\n<p><a href=\"https:\/\/sandrinedelage.com\/wp-content\/uploads\/2017\/04\/893006_394901293941847_1347227677_o.jpg\"><img loading=\"lazy\" decoding=\"async\" class=\"aligncenter size-medium wp-image-305277\" src=\"https:\/\/sandrinedelage.com\/wp-content\/uploads\/2017\/04\/893006_394901293941847_1347227677_o-600x385.jpg\" alt=\"\" width=\"600\" height=\"385\" srcset=\"https:\/\/sandrinedelage.com\/wp-content\/uploads\/2017\/04\/893006_394901293941847_1347227677_o-600x385.jpg 600w, https:\/\/sandrinedelage.com\/wp-content\/uploads\/2017\/04\/893006_394901293941847_1347227677_o-768x493.jpg 768w, https:\/\/sandrinedelage.com\/wp-content\/uploads\/2017\/04\/893006_394901293941847_1347227677_o-690x443.jpg 690w, https:\/\/sandrinedelage.com\/wp-content\/uploads\/2017\/04\/893006_394901293941847_1347227677_o-980x629.jpg 980w, https:\/\/sandrinedelage.com\/wp-content\/uploads\/2017\/04\/893006_394901293941847_1347227677_o.jpg 1000w\" sizes=\"auto, (max-width: 600px) 100vw, 600px\" \/><\/a><\/p>\n\n\n<div class=\"wp-block-columns is-layout-flex wp-container-core-columns-is-layout-28f84493 wp-block-columns-is-layout-flex\">\n<div class=\"wp-block-column is-layout-flow wp-block-column-is-layout-flow\">\n<div class=\"wp-block-buttons is-layout-flex wp-block-buttons-is-layout-flex\">\n<div class=\"wp-block-button\"><a class=\"wp-block-button__link has-base-background-color has-background wp-element-button\" href=\"https:\/\/sandrinedelage.com\/?p=1318\" target=\"_blank\" rel=\"noreferrer noopener\"><strong>&lt;&lt;<\/strong><\/a><\/div>\n<\/div>\n<\/div>\n\n\n\n<div class=\"wp-block-column is-layout-flow wp-block-column-is-layout-flow\"><\/div>\n\n\n\n<div class=\"wp-block-column is-layout-flow wp-block-column-is-layout-flow\">\n<div class=\"wp-block-buttons is-content-justification-right is-layout-flex wp-container-core-buttons-is-layout-d445cf74 wp-block-buttons-is-layout-flex\">\n<div class=\"wp-block-button\"><a class=\"wp-block-button__link has-base-background-color has-background wp-element-button\" href=\"https:\/\/sandrinedelage.com\/?p=344\"><strong>&gt;&gt;<\/strong><\/a><\/div>\n<\/div>\n<\/div>\n<\/div>\n","protected":false},"excerpt":{"rendered":"<p>Si vous passez au Salon Photo de Riedisheim entre le 8 et le 16 mars 2014, vous pourrez voir Coeur de Sel, s\u00e9lectionn\u00e9e dans la cat\u00e9gorie \u00ab\u00a0Voyages &#8211; images projet\u00e9es\u00a0\u00bb et ornement\u00e9e d&rsquo;un ruban par la F\u00e9d\u00e9ration Internationale de l&rsquo;Art Photographique. &nbsp;<\/p>\n","protected":false},"author":1,"featured_media":0,"comment_status":"open","ping_status":"open","sticky":false,"template":"","format":"standard","meta":{"footnotes":""},"categories":[2,31],"tags":[39,7,71,74,8],"class_list":["post-568","post","type-post","status-publish","format-standard","hentry","category-actus","category-coeur-de-sel","tag-ailleurs","tag-bolivie","tag-coeur-de-sel","tag-uyuni","tag-voyages"],"_links":{"self":[{"href":"https:\/\/sandrinedelage.com\/index.php?rest_route=\/wp\/v2\/posts\/568","targetHints":{"allow":["GET"]}}],"collection":[{"href":"https:\/\/sandrinedelage.com\/index.php?rest_route=\/wp\/v2\/posts"}],"about":[{"href":"https:\/\/sandrinedelage.com\/index.php?rest_route=\/wp\/v2\/types\/post"}],"author":[{"embeddable":true,"href":"https:\/\/sandrinedelage.com\/index.php?rest_route=\/wp\/v2\/users\/1"}],"replies":[{"embeddable":true,"href":"https:\/\/sandrinedelage.com\/index.php?rest_route=%2Fwp%2Fv2%2Fcomments&post=568"}],"version-history":[{"count":8,"href":"https:\/\/sandrinedelage.com\/index.php?rest_route=\/wp\/v2\/posts\/568\/revisions"}],"predecessor-version":[{"id":305699,"href":"https:\/\/sandrinedelage.com\/index.php?rest_route=\/wp\/v2\/posts\/568\/revisions\/305699"}],"wp:attachment":[{"href":"https:\/\/sandrinedelage.com\/index.php?rest_route=%2Fwp%2Fv2%2Fmedia&parent=568"}],"wp:term":[{"taxonomy":"category","embeddable":true,"href":"https:\/\/sandrinedelage.com\/index.php?rest_route=%2Fwp%2Fv2%2Fcategories&post=568"},{"taxonomy":"post_tag","embeddable":true,"href":"https:\/\/sandrinedelage.com\/index.php?rest_route=%2Fwp%2Fv2%2Ftags&post=568"}],"curies":[{"name":"wp","href":"https:\/\/api.w.org\/{rel}","templated":true}]}}